{"id":1010,"date":"2012-03-12T18:51:48","date_gmt":"2012-03-12T17:51:48","guid":{"rendered":"http:\/\/rt.boullier.fr\/?p=1010"},"modified":"2012-03-12T18:51:48","modified_gmt":"2012-03-12T17:51:48","slug":"art1010","status":"publish","type":"post","link":"https:\/\/archives.rencontrestsiganes.org\/index.php\/2012\/03\/12\/art1010\/","title":{"rendered":"Propos de campagne \u00e9lectorale.."},"content":{"rendered":"<p><u>&nbsp;Le candidat F HOLLANDE <\/u><\/p>\n<p> Lors d&rsquo;une r\u00e9cente \u00e9mission sur canal+&nbsp;Fran\u00e7ois Hollande est interrog\u00e9 sur le sujet des Rroms, apr\u00e8s un court reportage \u00e0 Marseille sur les destructions de bidonvilles et squats. Le reportage montre la chasse aux Rroms et le racisme assez partag\u00e9 qui l&rsquo;accompagne. Mais &#8230;.Le pompon, c&rsquo;est lorsque la maire PS du II\u00e8me arrondissement de Marseille est montr\u00e9e en train de faire la f\u00eate avec des riverains heureux d&rsquo;une expulsion&#8230; Prise la main dans le pot de confiture, la seule r\u00e9action de cette \u00e9lue, est de dire que ce fut une erreur de f\u00eater cela de cette mani\u00e8re, avec&#8230; le sous-pr\u00e9fet&nbsp;! Questionn\u00e9e par Anne-Sophie Lapix, Hollande ne fera que confirmer cette \u00ab\u00a0regrettable erreur\u00a0\u00bb&#8230;<\/p>\n<p>Mais..plus inqui\u00e9tant la r\u00e9ponse de Hollande sur la question des Rroms.&nbsp;\u00a0\u00bb l&rsquo;origine du mal est de ne pas avoir fix\u00e9 une r\u00e8gle europ\u00e9enne pour garder cette population o\u00f9 elle doit vivre, en Roumanie \u00ab\u00a0. F&nbsp;Hollande confirme dans la suite de l&rsquo;interview que, pour lui, le probl\u00e8me provient de la \u00ab\u00a0libre circulation des Rroms\u00a0\u00bb .<\/p>\n<p>Press\u00e9 par la journaliste qui lui demande ce qu&rsquo;il faut faire, Hollande voit 2 solutions<\/p>\n<p>1) \u00e9tablir des r\u00e8gles europ\u00e9ennes pour emp\u00eacher la libre circulation des Rroms.<\/p>\n<p>2) \u00e9tablir des \u00ab\u00a0camps\u00a0\u00bb (comme il dit ) \u00ab\u00a0de notre propre d\u00e9cision\u00a0\u00bb (celle du gouvernement qu&rsquo;il dirigera) pour \u00e9viter que&#8230;. \u00ab\u00a0ces camps ne se fassent n&rsquo;importe o\u00f9, en l&rsquo;occurrence \u00e0 proximit\u00e9 des centre villes\u00a0\u00bb&nbsp;!!!!<\/p>\n<p>Ces propos sont&nbsp;inqui\u00e9tant car le candidat, certes pris au d\u00e9pourvu, montre qu&rsquo;il ne conna\u00eet pas le dossier des Roms et qu&rsquo;il se contente de&nbsp;valider la poursuite d&rsquo;une politique d&rsquo;expulsion <\/p>\n<p><u>Candidat SARKOZY<\/u><\/p>\n<p>Pas d&rsquo;information \u00e0 ce jour qui remettrait en&nbsp;cause le discours de Grenoble.&nbsp;On lira avec int\u00e9r\u00eat la lettre &lsquo;d&rsquo;engagement sign\u00e9e en 2007&nbsp;par le candidat d&rsquo;alors . <\/p>\n<p><u>Candidate EVA JOLY <\/u><\/p>\n<p>extrait du programme VIVRE MIEUX&nbsp;&nbsp;: \u00ab\u00a0la reconnaissance pour les gens du voyage&nbsp;de leur pleine appartenance \u00e0 la soci\u00e9t\u00e9 fran\u00e7aise en leur octroyant de vraies cartes d&rsquo;identit\u00e9 fran\u00e7aise\u00a0\u00bb <\/p>\n","protected":false},"excerpt":{"rendered":"<p>Il arrive parfois que les candidats soient interpell\u00e9s sur leur projet pour les Tsiganes ou les Roms.  Quelques exemples  \u00e0 ce jour :<\/p>\n","protected":false},"author":1,"featured_media":0,"comment_status":"closed","ping_status":"closed","sticky":false,"template":"","format":"standard","meta":{"footnotes":""},"categories":[29],"tags":[],"class_list":["post-1010","post","type-post","status-publish","format-standard","hentry","category-aires-daccueil"],"_links":{"self":[{"href":"https:\/\/archives.rencontrestsiganes.org\/index.php\/wp-json\/wp\/v2\/posts\/1010","targetHints":{"allow":["GET"]}}],"collection":[{"href":"https:\/\/archives.rencontrestsiganes.org\/index.php\/wp-json\/wp\/v2\/posts"}],"about":[{"href":"https:\/\/archives.rencontrestsiganes.org\/index.php\/wp-json\/wp\/v2\/types\/post"}],"author":[{"embeddable":true,"href":"https:\/\/archives.rencontrestsiganes.org\/index.php\/wp-json\/wp\/v2\/users\/1"}],"replies":[{"embeddable":true,"href":"https:\/\/archives.rencontrestsiganes.org\/index.php\/wp-json\/wp\/v2\/comments?post=1010"}],"version-history":[{"count":0,"href":"https:\/\/archives.rencontrestsiganes.org\/index.php\/wp-json\/wp\/v2\/posts\/1010\/revisions"}],"wp:attachment":[{"href":"https:\/\/archives.rencontrestsiganes.org\/index.php\/wp-json\/wp\/v2\/media?parent=1010"}],"wp:term":[{"taxonomy":"category","embeddable":true,"href":"https:\/\/archives.rencontrestsiganes.org\/index.php\/wp-json\/wp\/v2\/categories?post=1010"},{"taxonomy":"post_tag","embeddable":true,"href":"https:\/\/archives.rencontrestsiganes.org\/index.php\/wp-json\/wp\/v2\/tags?post=1010"}],"curies":[{"name":"wp","href":"https:\/\/api.w.org\/{rel}","templated":true}]}}